{"id":879,"date":"2025-05-19T15:36:00","date_gmt":"2025-05-19T15:36:00","guid":{"rendered":"https:\/\/agendaculturalbrasilia.art.br\/minhavidatemrodas\/?p=879"},"modified":"2025-12-30T15:39:30","modified_gmt":"2025-12-30T15:39:30","slug":"correio-braziliense-eva-leite-faz-relancamento-de-livro-sobre-a-propria-trajetoria","status":"publish","type":"post","link":"https:\/\/agendaculturalbrasilia.art.br\/minhavidatemrodas\/2025\/05\/19\/correio-braziliense-eva-leite-faz-relancamento-de-livro-sobre-a-propria-trajetoria\/","title":{"rendered":"Correio Braziliense: Eva Leite faz relan\u00e7amento de livro sobre a pr\u00f3pria trajet\u00f3ria"},"content":{"rendered":"\n<p class=\"\">O jornal Correio Braziliense destacou o lan\u00e7amento da edi\u00e7\u00e3o revisada e ampliada do livro &#8220;Minha Vida Tem Rodas. Meus Sonhos T\u00eam Asas&#8221;, da escritora Eva Leite.<\/p>\n\n\n\n<p class=\"\"><em>&#8220;Em entrevista divulgada, a autora diz que ver algu\u00e9m na cadeira de rodas, sem movimentar os bra\u00e7os ou as pernas, \u00e9 comum hoje em dia. Cada vez mais surgem novas pessoas com les\u00e3o medular e as causas s\u00e3o diversas. \u201cEm meu livro, falo sobre a quest\u00e3o da supera\u00e7\u00e3o, para que a pessoa continue estudando, trabalhando e fazendo tudo o que sempre fez. E cada um vai descobrindo seus pr\u00f3prios meios e caminhos\u201d.<\/em><\/p>\n\n\n\n<p class=\"\"><a href=\"https:\/\/www.correiobraziliense.com.br\/diversao-e-arte\/2025\/05\/7150738-eva-leite-faz-relancamento-de-livro-sobre-a-propria-trajetoria.html\" data-type=\"link\" data-id=\"https:\/\/www.correiobraziliense.com.br\/diversao-e-arte\/2025\/05\/7150738-eva-leite-faz-relancamento-de-livro-sobre-a-propria-trajetoria.html\" target=\"_blank\" rel=\"noreferrer noopener\">Confira a \u00edntegra!<\/a><\/p>\n\n\n\n<p class=\"\"><\/p>\n","protected":false},"excerpt":{"rendered":"<p>O jornal Correio Braziliense destacou o lan\u00e7amento da edi\u00e7\u00e3o revisada e ampliada do livro &#8220;Minha Vida Tem Rodas. Meus Sonhos T\u00eam Asas&#8221;, da escritora Eva Leite. &#8220;Em entrevista divulgada, a autora diz que ver algu\u00e9m na cadeira de rodas, sem movimentar os bra\u00e7os ou as pernas, \u00e9 comum hoje em dia. Cada vez mais surgem novas pessoas com les\u00e3o medular e as causas s\u00e3o diversas. \u201cEm meu livro, falo sobre a quest\u00e3o da supera\u00e7\u00e3o, para que a pessoa continue estudando, trabalhando e fazendo tudo o que sempre fez. E cada um vai descobrindo seus pr\u00f3prios meios e caminhos\u201d. Confira a \u00edntegra!<\/p>\n","protected":false},"author":1,"featured_media":844,"comment_status":"open","ping_status":"open","sticky":false,"template":"","format":"standard","meta":{"nf_dc_page":"","footnotes":""},"categories":[4],"tags":[],"class_list":["post-879","post","type-post","status-publish","format-standard","has-post-thumbnail","hentry","category-na-midia"],"_links":{"self":[{"href":"https:\/\/agendaculturalbrasilia.art.br\/minhavidatemrodas\/wp-json\/wp\/v2\/posts\/879","targetHints":{"allow":["GET"]}}],"collection":[{"href":"https:\/\/agendaculturalbrasilia.art.br\/minhavidatemrodas\/wp-json\/wp\/v2\/posts"}],"about":[{"href":"https:\/\/agendaculturalbrasilia.art.br\/minhavidatemrodas\/wp-json\/wp\/v2\/types\/post"}],"author":[{"embeddable":true,"href":"https:\/\/agendaculturalbrasilia.art.br\/minhavidatemrodas\/wp-json\/wp\/v2\/users\/1"}],"replies":[{"embeddable":true,"href":"https:\/\/agendaculturalbrasilia.art.br\/minhavidatemrodas\/wp-json\/wp\/v2\/comments?post=879"}],"version-history":[{"count":1,"href":"https:\/\/agendaculturalbrasilia.art.br\/minhavidatemrodas\/wp-json\/wp\/v2\/posts\/879\/revisions"}],"predecessor-version":[{"id":880,"href":"https:\/\/agendaculturalbrasilia.art.br\/minhavidatemrodas\/wp-json\/wp\/v2\/posts\/879\/revisions\/880"}],"wp:featuredmedia":[{"embeddable":true,"href":"https:\/\/agendaculturalbrasilia.art.br\/minhavidatemrodas\/wp-json\/wp\/v2\/media\/844"}],"wp:attachment":[{"href":"https:\/\/agendaculturalbrasilia.art.br\/minhavidatemrodas\/wp-json\/wp\/v2\/media?parent=879"}],"wp:term":[{"taxonomy":"category","embeddable":true,"href":"https:\/\/agendaculturalbrasilia.art.br\/minhavidatemrodas\/wp-json\/wp\/v2\/categories?post=879"},{"taxonomy":"post_tag","embeddable":true,"href":"https:\/\/agendaculturalbrasilia.art.br\/minhavidatemrodas\/wp-json\/wp\/v2\/tags?post=879"}],"curies":[{"name":"wp","href":"https:\/\/api.w.org\/{rel}","templated":true}]}}