{"id":877,"date":"2025-10-22T15:25:00","date_gmt":"2025-10-22T15:25:00","guid":{"rendered":"https:\/\/agendaculturalbrasilia.art.br\/minhavidatemrodas\/?p=877"},"modified":"2025-12-30T15:32:18","modified_gmt":"2025-12-30T15:32:18","slug":"correio-braziliense-divulga-o-bate-papo-com-a-escritora-eva-leite-realizado-em-sao-sebastiao","status":"publish","type":"post","link":"https:\/\/agendaculturalbrasilia.art.br\/minhavidatemrodas\/2025\/10\/22\/correio-braziliense-divulga-o-bate-papo-com-a-escritora-eva-leite-realizado-em-sao-sebastiao\/","title":{"rendered":"Correio Braziliense divulga o bate papo com a escritora Eva Leite, realizado em S\u00e3o Sebasti\u00e3o"},"content":{"rendered":"\n<p class=\"\">O bate papo com Eva Leite, autora do livro &#8220;Minha Vida Tem Rodas. Meus Sonhos T\u00eam Asas.&#8221;, em S\u00e3o Sebasti\u00e3o, foi not\u00edcia no jornal Correio Braziliense<\/p>\n\n\n\n<p class=\"\"><em>&#8220;A partir da autonomia pessoal e financeira que a arte possibilita, Eva relata ao Correio se sentir inclusa na sociedade. \u201cEssa for\u00e7a muda a vida e o pensamento das pessoas\u201d, comemora. Sendo uma pessoa com defici\u00eancia (PCD), a autora descreve sua express\u00e3o sexual como importante, mesmo que cercada de preconceitos.<\/em><\/p>\n\n\n\n<p class=\"\"><em>\u201cNa express\u00e3o do afeto e do amor, a sociedade diz que deficientes n\u00e3o podem fazer isso e aquilo porque n\u00e3o \u00e9 bonito. Isso gera uma tremenda confus\u00e3o na cabe\u00e7a da pessoa PCD. At\u00e9 descobrir o que importa, seus desejos e tend\u00eancias, \u00e9 uma luta\u201d, afirma. A partir de relatos de experi\u00eancias semelhantes e \u00e0s vezes desconfort\u00e1veis, Eva busca dar voz a essas pessoas.&#8221;<\/em><\/p>\n\n\n\n<p class=\"\"><a href=\"https:\/\/www.correiobraziliense.com.br\/cidades-df\/2025\/10\/7276277-sexualidade-pcd-lancamento-literario-debate-inclusao-e-afeto-no-df.html\" target=\"_blank\" rel=\"noreferrer noopener\">Confira a \u00edntegra!<\/a><\/p>\n\n\n\n<p class=\"\"><\/p>\n","protected":false},"excerpt":{"rendered":"<p>O bate papo com Eva Leite, autora do livro &#8220;Minha Vida Tem Rodas. Meus Sonhos T\u00eam Asas.&#8221;, em S\u00e3o Sebasti\u00e3o, foi not\u00edcia no jornal Correio Braziliense &#8220;A partir da autonomia pessoal e financeira que a arte possibilita, Eva relata ao Correio se sentir inclusa na sociedade. \u201cEssa for\u00e7a muda a vida e o pensamento das pessoas\u201d, comemora. Sendo uma pessoa com defici\u00eancia (PCD), a autora descreve sua express\u00e3o sexual como importante, mesmo que cercada de preconceitos. \u201cNa express\u00e3o do afeto e do amor, a sociedade diz que deficientes n\u00e3o podem fazer isso e aquilo porque n\u00e3o \u00e9 bonito. Isso gera uma tremenda confus\u00e3o na cabe\u00e7a da pessoa PCD. At\u00e9 descobrir o que importa, seus desejos e tend\u00eancias, \u00e9 uma luta\u201d, afirma. A partir de relatos de experi\u00eancias semelhantes e \u00e0s vezes desconfort\u00e1veis, Eva busca dar voz a essas pessoas.&#8221; Confira a \u00edntegra!<\/p>\n","protected":false},"author":1,"featured_media":847,"comment_status":"open","ping_status":"open","sticky":false,"template":"","format":"standard","meta":{"nf_dc_page":"","footnotes":""},"categories":[4],"tags":[],"class_list":["post-877","post","type-post","status-publish","format-standard","has-post-thumbnail","hentry","category-na-midia"],"_links":{"self":[{"href":"https:\/\/agendaculturalbrasilia.art.br\/minhavidatemrodas\/wp-json\/wp\/v2\/posts\/877","targetHints":{"allow":["GET"]}}],"collection":[{"href":"https:\/\/agendaculturalbrasilia.art.br\/minhavidatemrodas\/wp-json\/wp\/v2\/posts"}],"about":[{"href":"https:\/\/agendaculturalbrasilia.art.br\/minhavidatemrodas\/wp-json\/wp\/v2\/types\/post"}],"author":[{"embeddable":true,"href":"https:\/\/agendaculturalbrasilia.art.br\/minhavidatemrodas\/wp-json\/wp\/v2\/users\/1"}],"replies":[{"embeddable":true,"href":"https:\/\/agendaculturalbrasilia.art.br\/minhavidatemrodas\/wp-json\/wp\/v2\/comments?post=877"}],"version-history":[{"count":1,"href":"https:\/\/agendaculturalbrasilia.art.br\/minhavidatemrodas\/wp-json\/wp\/v2\/posts\/877\/revisions"}],"predecessor-version":[{"id":878,"href":"https:\/\/agendaculturalbrasilia.art.br\/minhavidatemrodas\/wp-json\/wp\/v2\/posts\/877\/revisions\/878"}],"wp:featuredmedia":[{"embeddable":true,"href":"https:\/\/agendaculturalbrasilia.art.br\/minhavidatemrodas\/wp-json\/wp\/v2\/media\/847"}],"wp:attachment":[{"href":"https:\/\/agendaculturalbrasilia.art.br\/minhavidatemrodas\/wp-json\/wp\/v2\/media?parent=877"}],"wp:term":[{"taxonomy":"category","embeddable":true,"href":"https:\/\/agendaculturalbrasilia.art.br\/minhavidatemrodas\/wp-json\/wp\/v2\/categories?post=877"},{"taxonomy":"post_tag","embeddable":true,"href":"https:\/\/agendaculturalbrasilia.art.br\/minhavidatemrodas\/wp-json\/wp\/v2\/tags?post=877"}],"curies":[{"name":"wp","href":"https:\/\/api.w.org\/{rel}","templated":true}]}}