{"id":872,"date":"2025-05-12T15:17:00","date_gmt":"2025-05-12T15:17:00","guid":{"rendered":"https:\/\/agendaculturalbrasilia.art.br\/minhavidatemrodas\/?p=872"},"modified":"2025-12-30T15:24:32","modified_gmt":"2025-12-30T15:24:32","slug":"lancamento-do-livro-de-eva-leite-e-noticia-no-diario-de-santa-maria","status":"publish","type":"post","link":"https:\/\/agendaculturalbrasilia.art.br\/minhavidatemrodas\/2025\/05\/12\/lancamento-do-livro-de-eva-leite-e-noticia-no-diario-de-santa-maria\/","title":{"rendered":"Di\u00e1rio de Santa Maria publica entrevista com a escritora Eva Leite para divulgar lan\u00e7amento do livro"},"content":{"rendered":"\n<p class=\"\">O jornal Di\u00e1rio de Santa Maria, publicou em 12 de maio, entrevista com a escritora Eva Leite. A autora lan\u00e7a, no pr\u00f3ximo dia 22, a edi\u00e7\u00e3o revisada e ampliada da obra &#8220;Minha Vida Tem Rodas. Meus Sonhos T\u00eam Asas.&#8221;<\/p>\n\n\n\n<p class=\"\">Lan\u00e7ado originalmente em 2004, o livro foi o ponto de partida da carreira de Eva, que \u00e9 tetrapl\u00e9gica desde os 20 anos. Mais do que um relato autobiogr\u00e1fico, a publica\u00e7\u00e3o \u00e9 um convite \u00e0 empatia e \u00e0 quebra de tabus, questionando: \u201cQuem tem o direito de viver o amor?\u201d<\/p>\n\n\n\n<figure class=\"wp-block-image size-large\"><img loading=\"lazy\" decoding=\"async\" width=\"752\" height=\"1024\" loading=\"lazy\" src=\"https:\/\/agendaculturalbrasilia.art.br\/minhavidatemrodas\/wp-content\/uploads\/2025\/12\/12.04.2025_diario-de-santa_maria-752x1024.jpeg\" alt=\"\" class=\"wp-image-873\" srcset=\"https:\/\/agendaculturalbrasilia.art.br\/minhavidatemrodas\/wp-content\/uploads\/2025\/12\/12.04.2025_diario-de-santa_maria-752x1024.jpeg 752w, https:\/\/agendaculturalbrasilia.art.br\/minhavidatemrodas\/wp-content\/uploads\/2025\/12\/12.04.2025_diario-de-santa_maria-220x300.jpeg 220w, https:\/\/agendaculturalbrasilia.art.br\/minhavidatemrodas\/wp-content\/uploads\/2025\/12\/12.04.2025_diario-de-santa_maria-768x1046.jpeg 768w, https:\/\/agendaculturalbrasilia.art.br\/minhavidatemrodas\/wp-content\/uploads\/2025\/12\/12.04.2025_diario-de-santa_maria-1128x1536.jpeg 1128w, https:\/\/agendaculturalbrasilia.art.br\/minhavidatemrodas\/wp-content\/uploads\/2025\/12\/12.04.2025_diario-de-santa_maria-scaled.jpeg 1880w\" sizes=\"auto, (max-width: 752px) 100vw, 752px\" \/><\/figure>\n","protected":false},"excerpt":{"rendered":"<p>O jornal Di\u00e1rio de Santa Maria, publicou em 12 de maio, entrevista com a escritora Eva Leite. A autora lan\u00e7a, no pr\u00f3ximo dia 22, a edi\u00e7\u00e3o revisada e ampliada da obra &#8220;Minha Vida Tem Rodas. Meus Sonhos T\u00eam Asas.&#8221; Lan\u00e7ado originalmente em 2004, o livro foi o ponto de partida da carreira de Eva, que \u00e9 tetrapl\u00e9gica desde os 20 anos. Mais do que um relato autobiogr\u00e1fico, a publica\u00e7\u00e3o \u00e9 um convite \u00e0 empatia e \u00e0 quebra de tabus, questionando: \u201cQuem tem o direito de viver o amor?\u201d<\/p>\n","protected":false},"author":1,"featured_media":844,"comment_status":"open","ping_status":"open","sticky":false,"template":"","format":"standard","meta":{"nf_dc_page":"","footnotes":""},"categories":[4],"tags":[],"class_list":["post-872","post","type-post","status-publish","format-standard","has-post-thumbnail","hentry","category-na-midia"],"_links":{"self":[{"href":"https:\/\/agendaculturalbrasilia.art.br\/minhavidatemrodas\/wp-json\/wp\/v2\/posts\/872","targetHints":{"allow":["GET"]}}],"collection":[{"href":"https:\/\/agendaculturalbrasilia.art.br\/minhavidatemrodas\/wp-json\/wp\/v2\/posts"}],"about":[{"href":"https:\/\/agendaculturalbrasilia.art.br\/minhavidatemrodas\/wp-json\/wp\/v2\/types\/post"}],"author":[{"embeddable":true,"href":"https:\/\/agendaculturalbrasilia.art.br\/minhavidatemrodas\/wp-json\/wp\/v2\/users\/1"}],"replies":[{"embeddable":true,"href":"https:\/\/agendaculturalbrasilia.art.br\/minhavidatemrodas\/wp-json\/wp\/v2\/comments?post=872"}],"version-history":[{"count":3,"href":"https:\/\/agendaculturalbrasilia.art.br\/minhavidatemrodas\/wp-json\/wp\/v2\/posts\/872\/revisions"}],"predecessor-version":[{"id":876,"href":"https:\/\/agendaculturalbrasilia.art.br\/minhavidatemrodas\/wp-json\/wp\/v2\/posts\/872\/revisions\/876"}],"wp:featuredmedia":[{"embeddable":true,"href":"https:\/\/agendaculturalbrasilia.art.br\/minhavidatemrodas\/wp-json\/wp\/v2\/media\/844"}],"wp:attachment":[{"href":"https:\/\/agendaculturalbrasilia.art.br\/minhavidatemrodas\/wp-json\/wp\/v2\/media?parent=872"}],"wp:term":[{"taxonomy":"category","embeddable":true,"href":"https:\/\/agendaculturalbrasilia.art.br\/minhavidatemrodas\/wp-json\/wp\/v2\/categories?post=872"},{"taxonomy":"post_tag","embeddable":true,"href":"https:\/\/agendaculturalbrasilia.art.br\/minhavidatemrodas\/wp-json\/wp\/v2\/tags?post=872"}],"curies":[{"name":"wp","href":"https:\/\/api.w.org\/{rel}","templated":true}]}}