{"id":868,"date":"2025-05-18T15:10:00","date_gmt":"2025-05-18T15:10:00","guid":{"rendered":"https:\/\/agendaculturalbrasilia.art.br\/minhavidatemrodas\/?p=868"},"modified":"2025-12-30T15:14:58","modified_gmt":"2025-12-30T15:14:58","slug":"correio-da-manha-destaca-lancamento-do-livro-minha-vida-tem-rodas-meus-sonhos-tem-asas","status":"publish","type":"post","link":"https:\/\/agendaculturalbrasilia.art.br\/minhavidatemrodas\/2025\/05\/18\/correio-da-manha-destaca-lancamento-do-livro-minha-vida-tem-rodas-meus-sonhos-tem-asas\/","title":{"rendered":"Correio da Manh\u00e3 destaca lan\u00e7amento do livro Minha Vida Tem Rodas. Meus Sonhos T\u00eam Asas."},"content":{"rendered":"\n<p class=\"\">O jornal Correio da Manh\u00e3 divulgou o lan\u00e7amento do livro da escritora Eva Leite, em mat\u00e9ria publicada no dia 18 de maio de 2025. <\/p>\n\n\n\n<p class=\"\">Lan\u00e7ado originalmente em 2004, \u201cMinha Vida Tem Rodas. Meus Sonhos T\u00eam Asas\u201d foi o ponto de partida da carreira de Eva, que \u00e9 tetrapl\u00e9gica desde os 20 anos. Mais do que um relato autobiogr\u00e1fico, a obra \u00e9 um convite \u00e0 empatia e \u00e0 quebra de tabus, questionando: \u201cQuem tem o direito de viver o amor?\u201d<\/p>\n\n\n\n<figure class=\"wp-block-image size-large\"><img loading=\"lazy\" decoding=\"async\" width=\"936\" height=\"1024\" loading=\"lazy\" src=\"https:\/\/agendaculturalbrasilia.art.br\/minhavidatemrodas\/wp-content\/uploads\/2025\/12\/16.05.2025.correio_da_manha-936x1024.jpg\" alt=\"\" class=\"wp-image-870\" srcset=\"https:\/\/agendaculturalbrasilia.art.br\/minhavidatemrodas\/wp-content\/uploads\/2025\/12\/16.05.2025.correio_da_manha-936x1024.jpg 936w, https:\/\/agendaculturalbrasilia.art.br\/minhavidatemrodas\/wp-content\/uploads\/2025\/12\/16.05.2025.correio_da_manha-274x300.jpg 274w, https:\/\/agendaculturalbrasilia.art.br\/minhavidatemrodas\/wp-content\/uploads\/2025\/12\/16.05.2025.correio_da_manha-768x840.jpg 768w\" sizes=\"auto, (max-width: 936px) 100vw, 936px\" \/><\/figure>\n","protected":false},"excerpt":{"rendered":"<p>O jornal Correio da Manh\u00e3 divulgou o lan\u00e7amento do livro da escritora Eva Leite, em mat\u00e9ria publicada no dia 18 de maio de 2025. Lan\u00e7ado originalmente em 2004, \u201cMinha Vida Tem Rodas. Meus Sonhos T\u00eam Asas\u201d foi o ponto de partida da carreira de Eva, que \u00e9 tetrapl\u00e9gica desde os 20 anos. Mais do que um relato autobiogr\u00e1fico, a obra \u00e9 um convite \u00e0 empatia e \u00e0 quebra de tabus, questionando: \u201cQuem tem o direito de viver o amor?\u201d<\/p>\n","protected":false},"author":1,"featured_media":785,"comment_status":"open","ping_status":"open","sticky":false,"template":"","format":"standard","meta":{"nf_dc_page":"","footnotes":""},"categories":[4],"tags":[],"class_list":["post-868","post","type-post","status-publish","format-standard","has-post-thumbnail","hentry","category-na-midia"],"_links":{"self":[{"href":"https:\/\/agendaculturalbrasilia.art.br\/minhavidatemrodas\/wp-json\/wp\/v2\/posts\/868","targetHints":{"allow":["GET"]}}],"collection":[{"href":"https:\/\/agendaculturalbrasilia.art.br\/minhavidatemrodas\/wp-json\/wp\/v2\/posts"}],"about":[{"href":"https:\/\/agendaculturalbrasilia.art.br\/minhavidatemrodas\/wp-json\/wp\/v2\/types\/post"}],"author":[{"embeddable":true,"href":"https:\/\/agendaculturalbrasilia.art.br\/minhavidatemrodas\/wp-json\/wp\/v2\/users\/1"}],"replies":[{"embeddable":true,"href":"https:\/\/agendaculturalbrasilia.art.br\/minhavidatemrodas\/wp-json\/wp\/v2\/comments?post=868"}],"version-history":[{"count":1,"href":"https:\/\/agendaculturalbrasilia.art.br\/minhavidatemrodas\/wp-json\/wp\/v2\/posts\/868\/revisions"}],"predecessor-version":[{"id":871,"href":"https:\/\/agendaculturalbrasilia.art.br\/minhavidatemrodas\/wp-json\/wp\/v2\/posts\/868\/revisions\/871"}],"wp:featuredmedia":[{"embeddable":true,"href":"https:\/\/agendaculturalbrasilia.art.br\/minhavidatemrodas\/wp-json\/wp\/v2\/media\/785"}],"wp:attachment":[{"href":"https:\/\/agendaculturalbrasilia.art.br\/minhavidatemrodas\/wp-json\/wp\/v2\/media?parent=868"}],"wp:term":[{"taxonomy":"category","embeddable":true,"href":"https:\/\/agendaculturalbrasilia.art.br\/minhavidatemrodas\/wp-json\/wp\/v2\/categories?post=868"},{"taxonomy":"post_tag","embeddable":true,"href":"https:\/\/agendaculturalbrasilia.art.br\/minhavidatemrodas\/wp-json\/wp\/v2\/tags?post=868"}],"curies":[{"name":"wp","href":"https:\/\/api.w.org\/{rel}","templated":true}]}}