{"id":842,"date":"2025-10-21T11:18:38","date_gmt":"2025-10-21T11:18:38","guid":{"rendered":"https:\/\/agendaculturalbrasilia.art.br\/minhavidatemrodas\/?p=842"},"modified":"2025-10-29T11:23:47","modified_gmt":"2025-10-29T11:23:47","slug":"escritora-eva-leite-promove-bate-papo-sobre-acessibilidade-sexual-em-sao-sebastiao","status":"publish","type":"post","link":"https:\/\/agendaculturalbrasilia.art.br\/minhavidatemrodas\/2025\/10\/21\/escritora-eva-leite-promove-bate-papo-sobre-acessibilidade-sexual-em-sao-sebastiao\/","title":{"rendered":"Escritora\u00a0Eva\u00a0Leite\u00a0promove bate papo sobre acessibilidade sexual em S\u00e3o Sebasti\u00e3o"},"content":{"rendered":"\n<p class=\"\"><em>Encontro integra s\u00e9rie de atividades do lan\u00e7amento do livro Minha Vida Tem Rodas, Meus Sonhos T\u00eam Asas<\/em><\/p>\n\n\n\n<p class=\"\">O que acontece quando os sonhos ganham asas, mas a sociedade insiste em aprisionar os desejos? Com o objetivo de romper os limites do preconceito com palavras, arte e afeto, a escritora e artista pl\u00e1stica&nbsp;Eva&nbsp;Leite&nbsp;realiza um bate papo sobre acessibilidade sexual, nesta quinta-feira (23\/10). O encontro acontece na Biblioteca P\u00fablica de S\u00e3o Sebasti\u00e3o, a partir das 14h, com entrada franca.<\/p>\n\n\n\n<p class=\"\">A conversa integra o ciclo de atividades de lan\u00e7amento da terceira edi\u00e7\u00e3o do livro&nbsp;<strong>\u201cMinha Vida Tem Rodas, Meus Sonhos T\u00eam Asas\u201d<\/strong>. Antes de chegar a S\u00e3o Sebasti\u00e3o, a autora j\u00e1 passou pelo Varj\u00e3o, em maio, e pelo Parano\u00e1, no dia 21 de outubro, reunindo leitores e leitoras em um di\u00e1logo aberto e sens\u00edvel sobre corpo, autonomia e inclus\u00e3o.<\/p>\n\n\n\n<p class=\"\">Tetrapl\u00e9gica desde os 20 anos,&nbsp;Eva&nbsp;Leite&nbsp;encontrou na arte o caminho para transcender os limites do corpo. Durante sua reabilita\u00e7\u00e3o na Rede Sarah, aprendeu a digitar com a boca e, dali, nasceu a semente de sua carreira liter\u00e1ria. Hoje, com cinco livros publicados e diversas exposi\u00e7\u00f5es no curr\u00edculo, ela continua a inspirar com sua escrita e suas pinturas, feitas com a mesma t\u00e9cnica.<\/p>\n\n\n\n<p class=\"\"><em>Sobre o livro<br><\/em><strong>\u201cMinha Vida Tem Rodas, Meus Sonhos T\u00eam Asas\u201d&nbsp;<\/strong>foi a primeira obra publicada por&nbsp;Eva&nbsp;Leite, ainda em 2004. A edi\u00e7\u00e3o revisada e ampliada ganhou novos cap\u00edtulos para dar voz ao que ainda \u00e9 silenciado: a discuss\u00e3o sobre sexualidade e afetividade das pessoas com defici\u00eancia.&nbsp;<\/p>\n\n\n\n<p class=\"\">A partir de depoimentos de PcD e de familiares que as acompanham, o leitor \u00e9 convidado a refletir&nbsp; sobre os desafios de autoaceita\u00e7\u00e3o de corpos diversos, a jornada de descoberta da sexualidade e afetividade de jovens com S\u00edndrome de Down ou Transtorno do Espectro Autista, as formas de transpor barreiras dos limites f\u00edsicos, entre outros temas.<\/p>\n\n\n\n<p class=\"\">O lan\u00e7amento da 3\u00aa edi\u00e7\u00e3o de&nbsp;<strong>\u201cMinha Vida Tem Rodas, Meus Sonhos T\u00eam Asas\u201d<\/strong>&nbsp;conta com recursos do Fundo de Apoio \u00e0 Cultura (FAC), da Secretaria de Cultura e Economia Criativa do Distrito Federal.<\/p>\n\n\n\n<p class=\"\"><strong>SERVI\u00c7O:<\/strong><\/p>\n\n\n\n<p class=\"\"><em>Bate papo com&nbsp;Eva&nbsp;Leite&nbsp;&#8211; S\u00e3o Sebasti\u00e3o<\/em><em><br><\/em><em>Lan\u00e7amento do livro \u201cMinha Vida Tem Rodas. Meus Sonhos T\u00eam Asas\u201d \u2013 3\u00aa edi\u00e7\u00e3o<br><\/em>Quando: 23\/10. Quinta-feira<br>Onde: Biblioteca P\u00fablica de S\u00e3o Sebasti\u00e3o &#8211; Quadra 101, \u00c1rea Especial, Residencial Oeste &#8211; S\u00e3o Sebasti\u00e3o\/DF<br>Quanto: entrada franca<\/p>\n\n\n\n<p class=\"\">Mais informa\u00e7\u00f5es:&nbsp;<a href=\"http:\/\/www.agendaculturalbrasilia.art.br\/minhavidatemrodas\" target=\"_blank\" rel=\"noreferrer noopener\">www.agendaculturalbrasilia.art.br\/minhavidatemrodas<\/a><br>Redes sociais:&nbsp;<a href=\"https:\/\/www.instagram.com\/minhavidatemrodas\/\" target=\"_blank\" rel=\"noreferrer noopener\">@minhavidatemrodas<\/a><\/p>\n","protected":false},"excerpt":{"rendered":"<p>Encontro integra s\u00e9rie de atividades do lan\u00e7amento do livro Minha Vida Tem Rodas, Meus Sonhos T\u00eam Asas O que acontece quando os sonhos ganham asas, mas a sociedade insiste em aprisionar os desejos? Com o objetivo de romper os limites do preconceito com palavras, arte e afeto, a escritora e artista pl\u00e1stica&nbsp;Eva&nbsp;Leite&nbsp;realiza um bate papo sobre acessibilidade sexual, nesta quinta-feira (23\/10). O encontro acontece na Biblioteca P\u00fablica de S\u00e3o Sebasti\u00e3o, a partir das 14h, com entrada franca. A conversa integra o ciclo de atividades de lan\u00e7amento da terceira edi\u00e7\u00e3o do livro&nbsp;\u201cMinha Vida Tem Rodas, Meus Sonhos T\u00eam Asas\u201d. Antes de chegar a S\u00e3o Sebasti\u00e3o, a autora j\u00e1 passou pelo Varj\u00e3o, em maio, e pelo Parano\u00e1, no dia 21 de outubro, reunindo leitores e leitoras em um di\u00e1logo aberto e sens\u00edvel sobre corpo, autonomia e inclus\u00e3o. Tetrapl\u00e9gica desde os 20 anos,&nbsp;Eva&nbsp;Leite&nbsp;encontrou na arte o caminho para transcender os limites do corpo. Durante sua reabilita\u00e7\u00e3o na Rede Sarah, aprendeu a digitar com a boca e, dali, nasceu a semente de sua carreira liter\u00e1ria. Hoje, com cinco livros publicados e diversas exposi\u00e7\u00f5es no curr\u00edculo, ela continua a inspirar com sua escrita e suas pinturas, feitas com a mesma t\u00e9cnica. Sobre o livro\u201cMinha Vida Tem Rodas, Meus Sonhos T\u00eam Asas\u201d&nbsp;foi a primeira obra publicada por&nbsp;Eva&nbsp;Leite, ainda em 2004. A edi\u00e7\u00e3o revisada e ampliada ganhou novos cap\u00edtulos para dar voz ao que ainda \u00e9 silenciado: a discuss\u00e3o sobre sexualidade e afetividade das pessoas com defici\u00eancia.&nbsp; A partir de depoimentos de PcD e de familiares que as acompanham, o leitor \u00e9 convidado a refletir&nbsp; sobre os desafios de autoaceita\u00e7\u00e3o de corpos diversos, a jornada de descoberta da sexualidade e afetividade de jovens com S\u00edndrome de Down ou Transtorno do Espectro Autista, as formas de transpor barreiras dos limites f\u00edsicos, entre outros temas. O lan\u00e7amento da 3\u00aa edi\u00e7\u00e3o de&nbsp;\u201cMinha Vida Tem Rodas, Meus Sonhos T\u00eam Asas\u201d&nbsp;conta com recursos do Fundo de Apoio \u00e0 Cultura (FAC), da Secretaria de Cultura e Economia Criativa do Distrito Federal. SERVI\u00c7O: Bate papo com&nbsp;Eva&nbsp;Leite&nbsp;&#8211; S\u00e3o Sebasti\u00e3oLan\u00e7amento do livro \u201cMinha Vida Tem Rodas. Meus Sonhos T\u00eam Asas\u201d \u2013 3\u00aa edi\u00e7\u00e3oQuando: 23\/10. Quinta-feiraOnde: Biblioteca P\u00fablica de S\u00e3o Sebasti\u00e3o &#8211; Quadra 101, \u00c1rea Especial, Residencial Oeste &#8211; S\u00e3o Sebasti\u00e3o\/DFQuanto: entrada franca Mais informa\u00e7\u00f5es:&nbsp;www.agendaculturalbrasilia.art.br\/minhavidatemrodasRedes sociais:&nbsp;@minhavidatemrodas<\/p>\n","protected":false},"author":1,"featured_media":37,"comment_status":"open","ping_status":"open","sticky":false,"template":"","format":"standard","meta":{"nf_dc_page":"","footnotes":""},"categories":[7],"tags":[],"class_list":["post-842","post","type-post","status-publish","format-standard","has-post-thumbnail","hentry","category-blog"],"_links":{"self":[{"href":"https:\/\/agendaculturalbrasilia.art.br\/minhavidatemrodas\/wp-json\/wp\/v2\/posts\/842","targetHints":{"allow":["GET"]}}],"collection":[{"href":"https:\/\/agendaculturalbrasilia.art.br\/minhavidatemrodas\/wp-json\/wp\/v2\/posts"}],"about":[{"href":"https:\/\/agendaculturalbrasilia.art.br\/minhavidatemrodas\/wp-json\/wp\/v2\/types\/post"}],"author":[{"embeddable":true,"href":"https:\/\/agendaculturalbrasilia.art.br\/minhavidatemrodas\/wp-json\/wp\/v2\/users\/1"}],"replies":[{"embeddable":true,"href":"https:\/\/agendaculturalbrasilia.art.br\/minhavidatemrodas\/wp-json\/wp\/v2\/comments?post=842"}],"version-history":[{"count":2,"href":"https:\/\/agendaculturalbrasilia.art.br\/minhavidatemrodas\/wp-json\/wp\/v2\/posts\/842\/revisions"}],"predecessor-version":[{"id":850,"href":"https:\/\/agendaculturalbrasilia.art.br\/minhavidatemrodas\/wp-json\/wp\/v2\/posts\/842\/revisions\/850"}],"wp:featuredmedia":[{"embeddable":true,"href":"https:\/\/agendaculturalbrasilia.art.br\/minhavidatemrodas\/wp-json\/wp\/v2\/media\/37"}],"wp:attachment":[{"href":"https:\/\/agendaculturalbrasilia.art.br\/minhavidatemrodas\/wp-json\/wp\/v2\/media?parent=842"}],"wp:term":[{"taxonomy":"category","embeddable":true,"href":"https:\/\/agendaculturalbrasilia.art.br\/minhavidatemrodas\/wp-json\/wp\/v2\/categories?post=842"},{"taxonomy":"post_tag","embeddable":true,"href":"https:\/\/agendaculturalbrasilia.art.br\/minhavidatemrodas\/wp-json\/wp\/v2\/tags?post=842"}],"curies":[{"name":"wp","href":"https:\/\/api.w.org\/{rel}","templated":true}]}}