{"id":838,"date":"2025-05-14T15:51:23","date_gmt":"2025-05-14T15:51:23","guid":{"rendered":"https:\/\/agendaculturalbrasilia.art.br\/minhavidatemrodas\/?p=838"},"modified":"2025-05-14T15:51:55","modified_gmt":"2025-05-14T15:51:55","slug":"agencia-brasilia-livro-apoiado-pelo-fac-promove-debate-e-visibilidade-a-pessoas-com-deficiencia","status":"publish","type":"post","link":"https:\/\/agendaculturalbrasilia.art.br\/minhavidatemrodas\/2025\/05\/14\/agencia-brasilia-livro-apoiado-pelo-fac-promove-debate-e-visibilidade-a-pessoas-com-deficiencia\/","title":{"rendered":"Ag\u00eancia Bras\u00edlia: Livro apoiado pelo FAC promove visibilidade a pessoas com defici\u00eancia"},"content":{"rendered":"\n<p class=\"\">A Ag\u00eancia Bras\u00edlia entrevistou a escritora Eva Leite para falar sobre o lan\u00e7amento do livro &#8220;Minha Vida Tem Rodas. Meus Sonhos T\u00eam Asas&#8221;, marcado para a quinta-feira (22\/05), na Casa de Cultura do Varj\u00e3o.<\/p>\n\n\n\n<p class=\"\">&#8220;Piauiense radicada no Distrito Federal, a escritora Eva Leite, 59 anos, lan\u00e7a, no dia 22 de maio, a terceira edi\u00e7\u00e3o do livro Minha Vida Tem Rodas, Meus Sonhos T\u00eam Asas. Revisada e ampliada, a nova vers\u00e3o da obra biogr\u00e1fica traz, al\u00e9m do relato da pr\u00f3pria autora que vive h\u00e1 38 anos com les\u00e3o medular, depoimentos de outras pessoas com defici\u00eancia. Ao incluir outras vozes, a publica\u00e7\u00e3o busca enriquecer e aprofundar o debate sobre os desafios e viv\u00eancias cotidianas da comunidade PcD.&#8221;<\/p>\n\n\n\n<p class=\"\"><a href=\"https:\/\/www.agenciabrasilia.df.gov.br\/w\/livro-apoiado-pelo-fac-promove-debate-e-visibilidade-a-pessoas-com-deficiencia\" target=\"_blank\" rel=\"noreferrer noopener\">Confira a \u00edntegra!<\/a><\/p>\n","protected":false},"excerpt":{"rendered":"<p>A Ag\u00eancia Bras\u00edlia entrevistou a escritora Eva Leite para falar sobre o lan\u00e7amento do livro &#8220;Minha Vida Tem Rodas. Meus Sonhos T\u00eam Asas&#8221;, marcado para a quinta-feira (22\/05), na Casa de Cultura do Varj\u00e3o. &#8220;Piauiense radicada no Distrito Federal, a escritora Eva Leite, 59 anos, lan\u00e7a, no dia 22 de maio, a terceira edi\u00e7\u00e3o do livro Minha Vida Tem Rodas, Meus Sonhos T\u00eam Asas. Revisada e ampliada, a nova vers\u00e3o da obra biogr\u00e1fica traz, al\u00e9m do relato da pr\u00f3pria autora que vive h\u00e1 38 anos com les\u00e3o medular, depoimentos de outras pessoas com defici\u00eancia. Ao incluir outras vozes, a publica\u00e7\u00e3o busca enriquecer e aprofundar o debate sobre os desafios e viv\u00eancias cotidianas da comunidade PcD.&#8221; Confira a \u00edntegra!<\/p>\n","protected":false},"author":1,"featured_media":37,"comment_status":"open","ping_status":"open","sticky":false,"template":"","format":"standard","meta":{"nf_dc_page":"","footnotes":""},"categories":[4],"tags":[],"class_list":["post-838","post","type-post","status-publish","format-standard","has-post-thumbnail","hentry","category-na-midia"],"_links":{"self":[{"href":"https:\/\/agendaculturalbrasilia.art.br\/minhavidatemrodas\/wp-json\/wp\/v2\/posts\/838","targetHints":{"allow":["GET"]}}],"collection":[{"href":"https:\/\/agendaculturalbrasilia.art.br\/minhavidatemrodas\/wp-json\/wp\/v2\/posts"}],"about":[{"href":"https:\/\/agendaculturalbrasilia.art.br\/minhavidatemrodas\/wp-json\/wp\/v2\/types\/post"}],"author":[{"embeddable":true,"href":"https:\/\/agendaculturalbrasilia.art.br\/minhavidatemrodas\/wp-json\/wp\/v2\/users\/1"}],"replies":[{"embeddable":true,"href":"https:\/\/agendaculturalbrasilia.art.br\/minhavidatemrodas\/wp-json\/wp\/v2\/comments?post=838"}],"version-history":[{"count":2,"href":"https:\/\/agendaculturalbrasilia.art.br\/minhavidatemrodas\/wp-json\/wp\/v2\/posts\/838\/revisions"}],"predecessor-version":[{"id":840,"href":"https:\/\/agendaculturalbrasilia.art.br\/minhavidatemrodas\/wp-json\/wp\/v2\/posts\/838\/revisions\/840"}],"wp:featuredmedia":[{"embeddable":true,"href":"https:\/\/agendaculturalbrasilia.art.br\/minhavidatemrodas\/wp-json\/wp\/v2\/media\/37"}],"wp:attachment":[{"href":"https:\/\/agendaculturalbrasilia.art.br\/minhavidatemrodas\/wp-json\/wp\/v2\/media?parent=838"}],"wp:term":[{"taxonomy":"category","embeddable":true,"href":"https:\/\/agendaculturalbrasilia.art.br\/minhavidatemrodas\/wp-json\/wp\/v2\/categories?post=838"},{"taxonomy":"post_tag","embeddable":true,"href":"https:\/\/agendaculturalbrasilia.art.br\/minhavidatemrodas\/wp-json\/wp\/v2\/tags?post=838"}],"curies":[{"name":"wp","href":"https:\/\/api.w.org\/{rel}","templated":true}]}}