{"id":832,"date":"2025-04-21T12:25:35","date_gmt":"2025-04-21T12:25:35","guid":{"rendered":"https:\/\/agendaculturalbrasilia.art.br\/minhavidatemrodas\/?p=832"},"modified":"2025-04-21T12:25:36","modified_gmt":"2025-04-21T12:25:36","slug":"visite-brasilia-noticia-lancamento-do-livro-minha-vida-tem-rodas-meus-sonhos-tem-asas","status":"publish","type":"post","link":"https:\/\/agendaculturalbrasilia.art.br\/minhavidatemrodas\/2025\/04\/21\/visite-brasilia-noticia-lancamento-do-livro-minha-vida-tem-rodas-meus-sonhos-tem-asas\/","title":{"rendered":"Visite Bras\u00edlia noticia lan\u00e7amento do livro Minha Vida Tem Rodas, Meus Sonhos T\u00eam Asas"},"content":{"rendered":"\n<p class=\"\">O portal Visite Bras\u00edlia destacou o lan\u00e7amento do livro &#8220;Minha Vida Tem Rodas, Meus Sonhos T\u00eam Asas&#8221;. O evento ser\u00e1 realizado no dia 22 de maio, na Casa de Cultura do Varj\u00e3o. <\/p>\n\n\n\n<p class=\"\">&#8220;Tetrapl\u00e9gica desde os 20 anos, Eva encontrou na arte uma maneira de transpor os limites f\u00edsicos impostos pelo acidente. Sua jornada liter\u00e1ria come\u00e7ou ainda durante o tratamento na Rede Sarah, quando, com determina\u00e7\u00e3o e criatividade, iniciou o aprendizado das t\u00e9cnicas de digita\u00e7\u00e3o com a boca. A edi\u00e7\u00e3o revisada e ampliada de &#8220;Minha Vida Tem Rodas. Meus Sonhos T\u00eam Asas&#8221; traz para o debate a acessibilidade sexual de cerca de 18,6 milh\u00f5es brasileiros e brasileiras, que ainda enfrentam barreiras \u2013 n\u00e3o apenas f\u00edsicas, mas tamb\u00e9m sociais e emocionais.&#8221;<\/p>\n\n\n\n<p class=\"\"><a href=\"https:\/\/visitebrasilia.com.br\/noticias\/livro-debate-tabus-sobre-a-sexualidade-das-pessoas-com-deficiencia\" target=\"_blank\" rel=\"noreferrer noopener\">Confira a \u00edntegra!<\/a><\/p>\n\n\n\n<p class=\"\"><\/p>\n","protected":false},"excerpt":{"rendered":"<p>O portal Visite Bras\u00edlia destacou o lan\u00e7amento do livro &#8220;Minha Vida Tem Rodas, Meus Sonhos T\u00eam Asas&#8221;. O evento ser\u00e1 realizado no dia 22 de maio, na Casa de Cultura do Varj\u00e3o. &#8220;Tetrapl\u00e9gica desde os 20 anos, Eva encontrou na arte uma maneira de transpor os limites f\u00edsicos impostos pelo acidente. Sua jornada liter\u00e1ria come\u00e7ou ainda durante o tratamento na Rede Sarah, quando, com determina\u00e7\u00e3o e criatividade, iniciou o aprendizado das t\u00e9cnicas de digita\u00e7\u00e3o com a boca. A edi\u00e7\u00e3o revisada e ampliada de &#8220;Minha Vida Tem Rodas. Meus Sonhos T\u00eam Asas&#8221; traz para o debate a acessibilidade sexual de cerca de 18,6 milh\u00f5es brasileiros e brasileiras, que ainda enfrentam barreiras \u2013 n\u00e3o apenas f\u00edsicas, mas tamb\u00e9m sociais e emocionais.&#8221; Confira a \u00edntegra!<\/p>\n","protected":false},"author":1,"featured_media":37,"comment_status":"open","ping_status":"open","sticky":false,"template":"","format":"standard","meta":{"nf_dc_page":"","footnotes":""},"categories":[4],"tags":[],"class_list":["post-832","post","type-post","status-publish","format-standard","has-post-thumbnail","hentry","category-na-midia"],"_links":{"self":[{"href":"https:\/\/agendaculturalbrasilia.art.br\/minhavidatemrodas\/wp-json\/wp\/v2\/posts\/832","targetHints":{"allow":["GET"]}}],"collection":[{"href":"https:\/\/agendaculturalbrasilia.art.br\/minhavidatemrodas\/wp-json\/wp\/v2\/posts"}],"about":[{"href":"https:\/\/agendaculturalbrasilia.art.br\/minhavidatemrodas\/wp-json\/wp\/v2\/types\/post"}],"author":[{"embeddable":true,"href":"https:\/\/agendaculturalbrasilia.art.br\/minhavidatemrodas\/wp-json\/wp\/v2\/users\/1"}],"replies":[{"embeddable":true,"href":"https:\/\/agendaculturalbrasilia.art.br\/minhavidatemrodas\/wp-json\/wp\/v2\/comments?post=832"}],"version-history":[{"count":1,"href":"https:\/\/agendaculturalbrasilia.art.br\/minhavidatemrodas\/wp-json\/wp\/v2\/posts\/832\/revisions"}],"predecessor-version":[{"id":833,"href":"https:\/\/agendaculturalbrasilia.art.br\/minhavidatemrodas\/wp-json\/wp\/v2\/posts\/832\/revisions\/833"}],"wp:featuredmedia":[{"embeddable":true,"href":"https:\/\/agendaculturalbrasilia.art.br\/minhavidatemrodas\/wp-json\/wp\/v2\/media\/37"}],"wp:attachment":[{"href":"https:\/\/agendaculturalbrasilia.art.br\/minhavidatemrodas\/wp-json\/wp\/v2\/media?parent=832"}],"wp:term":[{"taxonomy":"category","embeddable":true,"href":"https:\/\/agendaculturalbrasilia.art.br\/minhavidatemrodas\/wp-json\/wp\/v2\/categories?post=832"},{"taxonomy":"post_tag","embeddable":true,"href":"https:\/\/agendaculturalbrasilia.art.br\/minhavidatemrodas\/wp-json\/wp\/v2\/tags?post=832"}],"curies":[{"name":"wp","href":"https:\/\/api.w.org\/{rel}","templated":true}]}}